{"id":10067,"date":"2015-09-25T07:13:40","date_gmt":"2015-09-25T05:13:40","guid":{"rendered":"https:\/\/www.oewf.org\/?p=10067"},"modified":"2018-08-24T13:58:03","modified_gmt":"2018-08-24T11:58:03","slug":"the-owf-at-the-german-aerospace-day","status":"publish","type":"post","link":"https:\/\/oewf.org\/en\/2015\/09\/the-owf-at-the-german-aerospace-day\/","title":{"rendered":"The \u00d6WF at the German Aerospace Day"},"content":{"rendered":"<h2>The \u00d6WF at the German Aerospace Day<\/h2>\n<p>More than 60.000 guest visited the German Aerospace Center (DLR) in Cologne on Sunday, September 20th. During the German Aerospace Day, the DLR and the European Space Agency ESA together with their partners presented current research projects and missions in fields such as aerospace, energy and transport as well as security.<\/p>\n<p>The interested masses of visitors were invited to a vast areal with many green sites. Located in the tent \u2018Astronauts and Exploration\u2019 in the space village next to the ESA-DLR main stage, the Austrian Space Forum (\u00d6WF) exhibited its spacesuit simulator \u2018Aouda.X\u2019. Starting around 10 AM and lasting until the evening, we talked and explained to all guests the activities of the \u00d6WF. Large crowds of visitors streamed into our tent and it only became quieter when the ESA astronauts were on stage. Luckily for us, we were so close that we could follow the action.<\/p>\n<div id=\"attachment_10058\" style=\"width: 610px\" class=\"wp-caption alignnone\"><a href=\"https:\/\/oewf.org\/wp-content\/uploads\/2015\/09\/med_IMG_70031.jpg\" class=\"fancybox\"><img loading=\"lazy\" decoding=\"async\" aria-describedby=\"caption-attachment-10058\" src=\"https:\/\/oewf.org\/wp-content\/uploads\/2015\/09\/med_IMG_70031-600x285.jpg\" alt=\"Marlen Raab explains the  \u00d6WF activities to interested visitors (c) \u00d6WF 2015\" width=\"600\" height=\"285\" class=\"size-large wp-image-10058\" srcset=\"https:\/\/oewf.org\/wp-content\/uploads\/2015\/09\/med_IMG_70031-600x285.jpg 600w, https:\/\/oewf.org\/wp-content\/uploads\/2015\/09\/med_IMG_70031-300x143.jpg 300w, https:\/\/oewf.org\/wp-content\/uploads\/2015\/09\/med_IMG_70031.jpg 1000w\" sizes=\"auto, (max-width: 600px) 100vw, 600px\" \/><\/a><p id=\"caption-attachment-10058\" class=\"wp-caption-text\">Marlen Raab explains the  \u00d6WF activities to interested visitors (c) \u00d6WF 2015<\/p><\/div>\n<p>&nbsp;<\/p>\n<p>At 12 PM, we finished donning and our analog astronaut Dr. Carmen K\u00f6hler was fully suited in the Aouda.X. She posed for countless pictures with young and old visitors and answered all of their questions via microphone. Throughout the day, Carmen conducted several EVAs (Extra Vehicular Activity), which meant that she walked around in the DLR area with other \u00d6WF team members.<\/p>\n<div id=\"attachment_10060\" style=\"width: 610px\" class=\"wp-caption alignnone\"><a href=\"https:\/\/oewf.org\/wp-content\/uploads\/2015\/09\/med_IMG_69641.jpg\" class=\"fancybox\"><img loading=\"lazy\" decoding=\"async\" aria-describedby=\"caption-attachment-10060\" src=\"https:\/\/oewf.org\/wp-content\/uploads\/2015\/09\/med_IMG_69641-600x340.jpg\" alt=\"Donning is over: Dr. Gernot Gr\u00f6mer presents analog astronaut Dr. Carmen K\u00f6hler in her Aouda suit to the crowd (c) \u00d6WF 2015\" width=\"600\" height=\"340\" class=\"size-large wp-image-10060\" srcset=\"https:\/\/oewf.org\/wp-content\/uploads\/2015\/09\/med_IMG_69641-600x340.jpg 600w, https:\/\/oewf.org\/wp-content\/uploads\/2015\/09\/med_IMG_69641-300x170.jpg 300w, https:\/\/oewf.org\/wp-content\/uploads\/2015\/09\/med_IMG_69641.jpg 1000w\" sizes=\"auto, (max-width: 600px) 100vw, 600px\" \/><\/a><p id=\"caption-attachment-10060\" class=\"wp-caption-text\">Donning is over: Dr. Gernot Gr\u00f6mer presents analog astronaut Dr. Carmen K\u00f6hler in her Aouda suit to the crowd (c) \u00d6WF 2015<\/p><\/div>\n<p>&nbsp;<\/p>\n<p>During the entire day, we were talking about the \u00d6WF, our spacesuit simulator, analog astronauts and missions, future Mars missions, etc. The visitors were interested and excited, kept asking questions and wanted to take pictures. So basically, I spent the entire day talking about things that I love and am excited about, and everyone was listening with great interest. That was soooooo nice.<\/p>\n<div id=\"attachment_10062\" style=\"width: 610px\" class=\"wp-caption alignnone\"><a href=\"https:\/\/oewf.org\/wp-content\/uploads\/2015\/09\/med_IMG_6981.jpg\" class=\"fancybox\"><img loading=\"lazy\" decoding=\"async\" aria-describedby=\"caption-attachment-10062\" src=\"https:\/\/oewf.org\/wp-content\/uploads\/2015\/09\/med_IMG_6981-600x393.jpg\" alt=\"Analog astronaut Dr. Carmen K\u00f6hler in her Aouda suit taking a bath in the crowd (c) \u00d6WF 2015\" width=\"600\" height=\"393\" class=\"size-large wp-image-10062\" srcset=\"https:\/\/oewf.org\/wp-content\/uploads\/2015\/09\/med_IMG_6981-600x393.jpg 600w, https:\/\/oewf.org\/wp-content\/uploads\/2015\/09\/med_IMG_6981-300x197.jpg 300w, https:\/\/oewf.org\/wp-content\/uploads\/2015\/09\/med_IMG_6981.jpg 1000w\" sizes=\"auto, (max-width: 600px) 100vw, 600px\" \/><\/a><p id=\"caption-attachment-10062\" class=\"wp-caption-text\">Analog astronaut Dr. Carmen K\u00f6hler in her Aouda suit taking a bath in the crowd (c) \u00d6WF 2015<\/p><\/div>\n<p>&nbsp;<\/p>\n<p>It was only upon leaving the DLR area that I realized just HOW MANY people have been there that day. The rich, green lawn which we saw in the morning was trampled over in many places and looked bruised. Seems like the DLR really hosted a gigantic event!<\/p>\n<p>Author: Marlen Raab<\/p>\n","protected":false},"excerpt":{"rendered":"<p>The \u00d6WF at the German Aerospace Day More than 60.000 guest visited the German Aerospace Center (DLR) in Cologne on Sunday, September 20th. During the German Aerospace Day, the DLR and the European Space Agency ESA together with their partners [&hellip;]<\/p>\n","protected":false},"author":2,"featured_media":10055,"comment_status":"closed","ping_status":"closed","sticky":false,"template":"","format":"standard","meta":{"footnotes":""},"categories":[16,67,3],"tags":[308,520,153],"class_list":["post-10067","post","type-post","status-publish","format-standard","has-post-thumbnail","hentry","category-polares-suit","category-events-2","category-oewf-news","tag-analog-astronauts","tag-aouda-x","tag-tdlr"],"yoast_head":"<!-- This site is optimized with the Yoast SEO plugin v27.5 - https:\/\/yoast.com\/product\/yoast-seo-wordpress\/ -->\n<title>The \u00d6WF at the German Aerospace Day - Austrian Space Forum (OeWF)<\/title>\n<meta name=\"robots\" content=\"index, follow, max-snippet:-1, max-image-preview:large, max-video-preview:-1\" \/>\n<link rel=\"canonical\" href=\"https:\/\/oewf.org\/en\/2015\/09\/the-owf-at-the-german-aerospace-day\/\" \/>\n<meta property=\"og:locale\" content=\"en_US\" \/>\n<meta property=\"og:type\" content=\"article\" \/>\n<meta property=\"og:title\" content=\"The \u00d6WF at the German Aerospace Day - Austrian Space Forum (OeWF)\" \/>\n<meta property=\"og:description\" content=\"The \u00d6WF at the German Aerospace Day More than 60.000 guest visited the German Aerospace Center (DLR) in Cologne on Sunday, September 20th. During the German Aerospace Day, the DLR and the European Space Agency ESA together with their partners [&hellip;]\" \/>\n<meta property=\"og:url\" content=\"https:\/\/oewf.org\/en\/2015\/09\/the-owf-at-the-german-aerospace-day\/\" \/>\n<meta property=\"og:site_name\" content=\"Austrian Space Forum (OeWF)\" \/>\n<meta property=\"article:published_time\" content=\"2015-09-25T05:13:40+00:00\" \/>\n<meta property=\"article:modified_time\" content=\"2018-08-24T11:58:03+00:00\" \/>\n<meta property=\"og:image\" content=\"https:\/\/oewf.org\/wp-content\/uploads\/2015\/09\/med_IMG_69351.jpg\" \/>\n\t<meta property=\"og:image:width\" content=\"1000\" \/>\n\t<meta property=\"og:image:height\" content=\"739\" \/>\n\t<meta property=\"og:image:type\" content=\"image\/jpeg\" \/>\n<meta name=\"author\" content=\"OeWF\" \/>\n<meta name=\"twitter:card\" content=\"summary_large_image\" \/>\n<meta name=\"twitter:creator\" content=\"@oewf\" \/>\n<meta name=\"twitter:label1\" content=\"Written by\" \/>\n\t<meta name=\"twitter:data1\" content=\"OeWF\" \/>\n\t<meta name=\"twitter:label2\" content=\"Est. reading time\" \/>\n\t<meta name=\"twitter:data2\" content=\"2 minutes\" \/>\n<script type=\"application\/ld+json\" class=\"yoast-schema-graph\">{\"@context\":\"https:\\\/\\\/schema.org\",\"@graph\":[{\"@type\":\"Article\",\"@id\":\"https:\\\/\\\/oewf.org\\\/en\\\/2015\\\/09\\\/the-owf-at-the-german-aerospace-day\\\/#article\",\"isPartOf\":{\"@id\":\"https:\\\/\\\/oewf.org\\\/en\\\/2015\\\/09\\\/the-owf-at-the-german-aerospace-day\\\/\"},\"author\":{\"name\":\"OeWF\",\"@id\":\"https:\\\/\\\/oewf.org\\\/#\\\/schema\\\/person\\\/d33b1cc5e9a431b7ad8c32cefeaa4aa7\"},\"headline\":\"The \u00d6WF at the German Aerospace Day\",\"datePublished\":\"2015-09-25T05:13:40+00:00\",\"dateModified\":\"2018-08-24T11:58:03+00:00\",\"mainEntityOfPage\":{\"@id\":\"https:\\\/\\\/oewf.org\\\/en\\\/2015\\\/09\\\/the-owf-at-the-german-aerospace-day\\\/\"},\"wordCount\":413,\"image\":{\"@id\":\"https:\\\/\\\/oewf.org\\\/en\\\/2015\\\/09\\\/the-owf-at-the-german-aerospace-day\\\/#primaryimage\"},\"thumbnailUrl\":\"https:\\\/\\\/oewf.org\\\/wp-content\\\/uploads\\\/2015\\\/09\\\/med_IMG_69351.jpg\",\"keywords\":[\"analog astronauts\",\"Aouda.X\",\"TdLR\"],\"articleSection\":[\"Aouda Spacesuit Simulator\",\"Events\",\"OeWF News\"],\"inLanguage\":\"en-US\"},{\"@type\":\"WebPage\",\"@id\":\"https:\\\/\\\/oewf.org\\\/en\\\/2015\\\/09\\\/the-owf-at-the-german-aerospace-day\\\/\",\"url\":\"https:\\\/\\\/oewf.org\\\/en\\\/2015\\\/09\\\/the-owf-at-the-german-aerospace-day\\\/\",\"name\":\"The \u00d6WF at the German Aerospace Day - Austrian Space Forum (OeWF)\",\"isPartOf\":{\"@id\":\"https:\\\/\\\/oewf.org\\\/#website\"},\"primaryImageOfPage\":{\"@id\":\"https:\\\/\\\/oewf.org\\\/en\\\/2015\\\/09\\\/the-owf-at-the-german-aerospace-day\\\/#primaryimage\"},\"image\":{\"@id\":\"https:\\\/\\\/oewf.org\\\/en\\\/2015\\\/09\\\/the-owf-at-the-german-aerospace-day\\\/#primaryimage\"},\"thumbnailUrl\":\"https:\\\/\\\/oewf.org\\\/wp-content\\\/uploads\\\/2015\\\/09\\\/med_IMG_69351.jpg\",\"datePublished\":\"2015-09-25T05:13:40+00:00\",\"dateModified\":\"2018-08-24T11:58:03+00:00\",\"author\":{\"@id\":\"https:\\\/\\\/oewf.org\\\/#\\\/schema\\\/person\\\/d33b1cc5e9a431b7ad8c32cefeaa4aa7\"},\"breadcrumb\":{\"@id\":\"https:\\\/\\\/oewf.org\\\/en\\\/2015\\\/09\\\/the-owf-at-the-german-aerospace-day\\\/#breadcrumb\"},\"inLanguage\":\"en-US\",\"potentialAction\":[{\"@type\":\"ReadAction\",\"target\":[\"https:\\\/\\\/oewf.org\\\/en\\\/2015\\\/09\\\/the-owf-at-the-german-aerospace-day\\\/\"]}]},{\"@type\":\"ImageObject\",\"inLanguage\":\"en-US\",\"@id\":\"https:\\\/\\\/oewf.org\\\/en\\\/2015\\\/09\\\/the-owf-at-the-german-aerospace-day\\\/#primaryimage\",\"url\":\"https:\\\/\\\/oewf.org\\\/wp-content\\\/uploads\\\/2015\\\/09\\\/med_IMG_69351.jpg\",\"contentUrl\":\"https:\\\/\\\/oewf.org\\\/wp-content\\\/uploads\\\/2015\\\/09\\\/med_IMG_69351.jpg\",\"width\":1000,\"height\":739,\"caption\":\"The \u00d6WF at the German Aerospace Day (c) \u00d6WF 2015\"},{\"@type\":\"BreadcrumbList\",\"@id\":\"https:\\\/\\\/oewf.org\\\/en\\\/2015\\\/09\\\/the-owf-at-the-german-aerospace-day\\\/#breadcrumb\",\"itemListElement\":[{\"@type\":\"ListItem\",\"position\":1,\"name\":\"Startseite\",\"item\":\"https:\\\/\\\/oewf.org\\\/en\\\/\"},{\"@type\":\"ListItem\",\"position\":2,\"name\":\"The \u00d6WF at the German Aerospace Day\"}]},{\"@type\":\"WebSite\",\"@id\":\"https:\\\/\\\/oewf.org\\\/#website\",\"url\":\"https:\\\/\\\/oewf.org\\\/\",\"name\":\"Austrian Space Forum (OeWF)\",\"description\":\"\u00d6sterreichisches Weltraum Forum Austrian Space Forum\",\"potentialAction\":[{\"@type\":\"SearchAction\",\"target\":{\"@type\":\"EntryPoint\",\"urlTemplate\":\"https:\\\/\\\/oewf.org\\\/?s={search_term_string}\"},\"query-input\":{\"@type\":\"PropertyValueSpecification\",\"valueRequired\":true,\"valueName\":\"search_term_string\"}}],\"inLanguage\":\"en-US\"},{\"@type\":\"Person\",\"@id\":\"https:\\\/\\\/oewf.org\\\/#\\\/schema\\\/person\\\/d33b1cc5e9a431b7ad8c32cefeaa4aa7\",\"name\":\"OeWF\",\"sameAs\":[\"https:\\\/\\\/www.oewf.org\",\"https:\\\/\\\/x.com\\\/oewf\"],\"url\":\"https:\\\/\\\/oewf.org\\\/en\\\/author\\\/oewf\\\/\"}]}<\/script>\n<!-- \/ Yoast SEO plugin. -->","yoast_head_json":{"title":"The \u00d6WF at the German Aerospace Day - Austrian Space Forum (OeWF)","robots":{"index":"index","follow":"follow","max-snippet":"max-snippet:-1","max-image-preview":"max-image-preview:large","max-video-preview":"max-video-preview:-1"},"canonical":"https:\/\/oewf.org\/en\/2015\/09\/the-owf-at-the-german-aerospace-day\/","og_locale":"en_US","og_type":"article","og_title":"The \u00d6WF at the German Aerospace Day - Austrian Space Forum (OeWF)","og_description":"The \u00d6WF at the German Aerospace Day More than 60.000 guest visited the German Aerospace Center (DLR) in Cologne on Sunday, September 20th. During the German Aerospace Day, the DLR and the European Space Agency ESA together with their partners [&hellip;]","og_url":"https:\/\/oewf.org\/en\/2015\/09\/the-owf-at-the-german-aerospace-day\/","og_site_name":"Austrian Space Forum (OeWF)","article_published_time":"2015-09-25T05:13:40+00:00","article_modified_time":"2018-08-24T11:58:03+00:00","og_image":[{"width":1000,"height":739,"url":"https:\/\/oewf.org\/wp-content\/uploads\/2015\/09\/med_IMG_69351.jpg","type":"image\/jpeg"}],"author":"OeWF","twitter_card":"summary_large_image","twitter_creator":"@oewf","twitter_misc":{"Written by":"OeWF","Est. reading time":"2 minutes"},"schema":{"@context":"https:\/\/schema.org","@graph":[{"@type":"Article","@id":"https:\/\/oewf.org\/en\/2015\/09\/the-owf-at-the-german-aerospace-day\/#article","isPartOf":{"@id":"https:\/\/oewf.org\/en\/2015\/09\/the-owf-at-the-german-aerospace-day\/"},"author":{"name":"OeWF","@id":"https:\/\/oewf.org\/#\/schema\/person\/d33b1cc5e9a431b7ad8c32cefeaa4aa7"},"headline":"The \u00d6WF at the German Aerospace Day","datePublished":"2015-09-25T05:13:40+00:00","dateModified":"2018-08-24T11:58:03+00:00","mainEntityOfPage":{"@id":"https:\/\/oewf.org\/en\/2015\/09\/the-owf-at-the-german-aerospace-day\/"},"wordCount":413,"image":{"@id":"https:\/\/oewf.org\/en\/2015\/09\/the-owf-at-the-german-aerospace-day\/#primaryimage"},"thumbnailUrl":"https:\/\/oewf.org\/wp-content\/uploads\/2015\/09\/med_IMG_69351.jpg","keywords":["analog astronauts","Aouda.X","TdLR"],"articleSection":["Aouda Spacesuit Simulator","Events","OeWF News"],"inLanguage":"en-US"},{"@type":"WebPage","@id":"https:\/\/oewf.org\/en\/2015\/09\/the-owf-at-the-german-aerospace-day\/","url":"https:\/\/oewf.org\/en\/2015\/09\/the-owf-at-the-german-aerospace-day\/","name":"The \u00d6WF at the German Aerospace Day - Austrian Space Forum (OeWF)","isPartOf":{"@id":"https:\/\/oewf.org\/#website"},"primaryImageOfPage":{"@id":"https:\/\/oewf.org\/en\/2015\/09\/the-owf-at-the-german-aerospace-day\/#primaryimage"},"image":{"@id":"https:\/\/oewf.org\/en\/2015\/09\/the-owf-at-the-german-aerospace-day\/#primaryimage"},"thumbnailUrl":"https:\/\/oewf.org\/wp-content\/uploads\/2015\/09\/med_IMG_69351.jpg","datePublished":"2015-09-25T05:13:40+00:00","dateModified":"2018-08-24T11:58:03+00:00","author":{"@id":"https:\/\/oewf.org\/#\/schema\/person\/d33b1cc5e9a431b7ad8c32cefeaa4aa7"},"breadcrumb":{"@id":"https:\/\/oewf.org\/en\/2015\/09\/the-owf-at-the-german-aerospace-day\/#breadcrumb"},"inLanguage":"en-US","potentialAction":[{"@type":"ReadAction","target":["https:\/\/oewf.org\/en\/2015\/09\/the-owf-at-the-german-aerospace-day\/"]}]},{"@type":"ImageObject","inLanguage":"en-US","@id":"https:\/\/oewf.org\/en\/2015\/09\/the-owf-at-the-german-aerospace-day\/#primaryimage","url":"https:\/\/oewf.org\/wp-content\/uploads\/2015\/09\/med_IMG_69351.jpg","contentUrl":"https:\/\/oewf.org\/wp-content\/uploads\/2015\/09\/med_IMG_69351.jpg","width":1000,"height":739,"caption":"The \u00d6WF at the German Aerospace Day (c) \u00d6WF 2015"},{"@type":"BreadcrumbList","@id":"https:\/\/oewf.org\/en\/2015\/09\/the-owf-at-the-german-aerospace-day\/#breadcrumb","itemListElement":[{"@type":"ListItem","position":1,"name":"Startseite","item":"https:\/\/oewf.org\/en\/"},{"@type":"ListItem","position":2,"name":"The \u00d6WF at the German Aerospace Day"}]},{"@type":"WebSite","@id":"https:\/\/oewf.org\/#website","url":"https:\/\/oewf.org\/","name":"Austrian Space Forum (OeWF)","description":"\u00d6sterreichisches Weltraum Forum Austrian Space Forum","potentialAction":[{"@type":"SearchAction","target":{"@type":"EntryPoint","urlTemplate":"https:\/\/oewf.org\/?s={search_term_string}"},"query-input":{"@type":"PropertyValueSpecification","valueRequired":true,"valueName":"search_term_string"}}],"inLanguage":"en-US"},{"@type":"Person","@id":"https:\/\/oewf.org\/#\/schema\/person\/d33b1cc5e9a431b7ad8c32cefeaa4aa7","name":"OeWF","sameAs":["https:\/\/www.oewf.org","https:\/\/x.com\/oewf"],"url":"https:\/\/oewf.org\/en\/author\/oewf\/"}]}},"_links":{"self":[{"href":"https:\/\/oewf.org\/en\/wp-json\/wp\/v2\/posts\/10067","targetHints":{"allow":["GET"]}}],"collection":[{"href":"https:\/\/oewf.org\/en\/wp-json\/wp\/v2\/posts"}],"about":[{"href":"https:\/\/oewf.org\/en\/wp-json\/wp\/v2\/types\/post"}],"author":[{"embeddable":true,"href":"https:\/\/oewf.org\/en\/wp-json\/wp\/v2\/users\/2"}],"replies":[{"embeddable":true,"href":"https:\/\/oewf.org\/en\/wp-json\/wp\/v2\/comments?post=10067"}],"version-history":[{"count":0,"href":"https:\/\/oewf.org\/en\/wp-json\/wp\/v2\/posts\/10067\/revisions"}],"wp:featuredmedia":[{"embeddable":true,"href":"https:\/\/oewf.org\/en\/wp-json\/wp\/v2\/media\/10055"}],"wp:attachment":[{"href":"https:\/\/oewf.org\/en\/wp-json\/wp\/v2\/media?parent=10067"}],"wp:term":[{"taxonomy":"category","embeddable":true,"href":"https:\/\/oewf.org\/en\/wp-json\/wp\/v2\/categories?post=10067"},{"taxonomy":"post_tag","embeddable":true,"href":"https:\/\/oewf.org\/en\/wp-json\/wp\/v2\/tags?post=10067"}],"curies":[{"name":"wp","href":"https:\/\/api.w.org\/{rel}","templated":true}]}}