{"id":13915,"date":"2018-02-08T19:21:11","date_gmt":"2018-02-08T17:21:11","guid":{"rendered":"https:\/\/oewf.org\/?p=13915"},"modified":"2018-02-09T09:25:15","modified_gmt":"2018-02-09T07:25:15","slug":"amadee-18-day-1","status":"publish","type":"post","link":"https:\/\/oewf.org\/en\/2018\/02\/amadee-18-day-1\/","title":{"rendered":"Landing Day: Feb. 8th, 2018"},"content":{"rendered":"<p>The Isolation Phase began today! It was exciting for both EARTH and FIELD. At the Mission Support Center, a press Conference with Sophie Gruber (AMADEE-18 project management), Reinhard Tlustos (\u00d6WF Flight Director) and R\u00fcdiger K\u00f6ster (CTO of T-Mobile Austria) took place.<\/p>\n<div id=\"attachment_13916\" style=\"width: 1034px\" class=\"wp-caption alignnone\"><a href=\"https:\/\/oewf.org\/wp-content\/uploads\/2018\/02\/AnalogAstronautsonEVA7\u00a9OeWF_Voggeneder.jpg\" class=\"fancybox\"><img loading=\"lazy\" decoding=\"async\" aria-describedby=\"caption-attachment-13916\" class=\"size-full wp-image-13916\" src=\"https:\/\/oewf.org\/wp-content\/uploads\/2018\/02\/AnalogAstronautsonEVA7\u00a9OeWF_Voggeneder.jpg\" alt=\"Analog Astronauts on EVA. (c) OeWF (Florian Voggeneder\" width=\"1024\" height=\"731\" srcset=\"https:\/\/oewf.org\/wp-content\/uploads\/2018\/02\/AnalogAstronautsonEVA7\u00a9OeWF_Voggeneder.jpg 1024w, https:\/\/oewf.org\/wp-content\/uploads\/2018\/02\/AnalogAstronautsonEVA7\u00a9OeWF_Voggeneder-300x214.jpg 300w, https:\/\/oewf.org\/wp-content\/uploads\/2018\/02\/AnalogAstronautsonEVA7\u00a9OeWF_Voggeneder-768x548.jpg 768w, https:\/\/oewf.org\/wp-content\/uploads\/2018\/02\/AnalogAstronautsonEVA7\u00a9OeWF_Voggeneder-600x428.jpg 600w\" sizes=\"auto, (max-width: 1024px) 100vw, 1024px\" \/><\/a><p id=\"caption-attachment-13916\" class=\"wp-caption-text\">Analog Astronauts on EVA. (c) OeWF (Florian Voggeneder)<\/p><\/div>\n<p>In the FIELD, the first EVA (extravehicular activity) of the isolation phase was done (see picture, (c) OeWF (Florian Voggeneder). Also, with the start of the mission, the base station now officially got a name: Kepler Station. Check out below the video from the field to see the moment they went into simulation mode!<\/p>\n<blockquote class=\"twitter-tweet\">\n<p dir=\"ltr\" lang=\"en\">The moment you realize something big just happend. <a href=\"https:\/\/twitter.com\/hashtag\/simulateMars?src=hash&amp;ref_src=twsrc%5Etfw\">#simulateMars<\/a> <a href=\"https:\/\/twitter.com\/hashtag\/AMADEE18?src=hash&amp;ref_src=twsrc%5Etfw\">#AMADEE18<\/a> just landed on &#8220;Mars&#8221;. New call sign: &#8220;Kepler Station&#8221; <a href=\"https:\/\/t.co\/m5PwGedk0Z\">https:\/\/t.co\/m5PwGedk0Z<\/a><\/p>\n<p>\u2014 Olivia Haider ?? (@olidax) <a href=\"https:\/\/twitter.com\/olidax\/status\/961555782415388672?ref_src=twsrc%5Etfw\">8. Februar 2018<\/a><\/p><\/blockquote>\n<p>Everyone is very motivated and looking forward to the next month of #simulateMars!<\/p>\n","protected":false},"excerpt":{"rendered":"<p>The Isolation Phase began today! It was exciting for both EARTH and FIELD. At the Mission Support Center, a press Conference with Sophie Gruber (AMADEE-18 project management), Reinhard Tlustos (\u00d6WF Flight Director) and R\u00fcdiger K\u00f6ster (CTO of T-Mobile Austria) took [&hellip;]<\/p>\n","protected":false},"author":2,"featured_media":13916,"comment_status":"closed","ping_status":"open","sticky":false,"template":"","format":"standard","meta":{"footnotes":""},"categories":[971,351,3],"tags":[979,954,972,1017],"class_list":["post-13915","post","type-post","status-publish","format-standard","has-post-thumbnail","hentry","category-amadee-18","category-expeditions-simulations","category-oewf-news","tag-amadee","tag-amadee-18","tag-amadee18","tag-expedition"],"yoast_head":"<!-- This site is optimized with the Yoast SEO plugin v27.5 - https:\/\/yoast.com\/product\/yoast-seo-wordpress\/ -->\n<title>Landing Day: Feb. 8th, 2018 - Austrian Space Forum (OeWF)<\/title>\n<meta name=\"robots\" content=\"index, follow, max-snippet:-1, max-image-preview:large, max-video-preview:-1\" \/>\n<link rel=\"canonical\" href=\"https:\/\/oewf.org\/en\/2018\/02\/amadee-18-day-1\/\" \/>\n<meta property=\"og:locale\" content=\"en_US\" \/>\n<meta property=\"og:type\" content=\"article\" \/>\n<meta property=\"og:title\" content=\"Landing Day: Feb. 8th, 2018 - Austrian Space Forum (OeWF)\" \/>\n<meta property=\"og:description\" content=\"The Isolation Phase began today! It was exciting for both EARTH and FIELD. At the Mission Support Center, a press Conference with Sophie Gruber (AMADEE-18 project management), Reinhard Tlustos (\u00d6WF Flight Director) and R\u00fcdiger K\u00f6ster (CTO of T-Mobile Austria) took [&hellip;]\" \/>\n<meta property=\"og:url\" content=\"https:\/\/oewf.org\/en\/2018\/02\/amadee-18-day-1\/\" \/>\n<meta property=\"og:site_name\" content=\"Austrian Space Forum (OeWF)\" \/>\n<meta property=\"article:published_time\" content=\"2018-02-08T17:21:11+00:00\" \/>\n<meta property=\"article:modified_time\" content=\"2018-02-09T07:25:15+00:00\" \/>\n<meta property=\"og:image\" content=\"https:\/\/oewf.org\/wp-content\/uploads\/2018\/02\/AnalogAstronautsonEVA7\u00a9OeWF_Voggeneder.jpg\" \/>\n\t<meta property=\"og:image:width\" content=\"1024\" \/>\n\t<meta property=\"og:image:height\" content=\"731\" \/>\n\t<meta property=\"og:image:type\" content=\"image\/jpeg\" \/>\n<meta name=\"author\" content=\"OeWF\" \/>\n<meta name=\"twitter:card\" content=\"summary_large_image\" \/>\n<meta name=\"twitter:creator\" content=\"@oewf\" \/>\n<meta name=\"twitter:label1\" content=\"Written by\" \/>\n\t<meta name=\"twitter:data1\" content=\"OeWF\" \/>\n\t<meta name=\"twitter:label2\" content=\"Est. reading time\" \/>\n\t<meta name=\"twitter:data2\" content=\"1 minute\" \/>\n<script type=\"application\/ld+json\" class=\"yoast-schema-graph\">{\"@context\":\"https:\\\/\\\/schema.org\",\"@graph\":[{\"@type\":\"Article\",\"@id\":\"https:\\\/\\\/oewf.org\\\/en\\\/2018\\\/02\\\/amadee-18-day-1\\\/#article\",\"isPartOf\":{\"@id\":\"https:\\\/\\\/oewf.org\\\/en\\\/2018\\\/02\\\/amadee-18-day-1\\\/\"},\"author\":{\"name\":\"OeWF\",\"@id\":\"https:\\\/\\\/oewf.org\\\/#\\\/schema\\\/person\\\/d33b1cc5e9a431b7ad8c32cefeaa4aa7\"},\"headline\":\"Landing Day: Feb. 8th, 2018\",\"datePublished\":\"2018-02-08T17:21:11+00:00\",\"dateModified\":\"2018-02-09T07:25:15+00:00\",\"mainEntityOfPage\":{\"@id\":\"https:\\\/\\\/oewf.org\\\/en\\\/2018\\\/02\\\/amadee-18-day-1\\\/\"},\"wordCount\":158,\"image\":{\"@id\":\"https:\\\/\\\/oewf.org\\\/en\\\/2018\\\/02\\\/amadee-18-day-1\\\/#primaryimage\"},\"thumbnailUrl\":\"https:\\\/\\\/oewf.org\\\/wp-content\\\/uploads\\\/2018\\\/02\\\/AnalogAstronautsonEVA7\u00a9OeWF_Voggeneder.jpg\",\"keywords\":[\"AMADEE\",\"AMADEE-18\",\"AMADEE18\",\"expedition\"],\"articleSection\":[\"AMADEE-18\",\"Expeditions\\\/Simulations\",\"OeWF News\"],\"inLanguage\":\"en-US\"},{\"@type\":\"WebPage\",\"@id\":\"https:\\\/\\\/oewf.org\\\/en\\\/2018\\\/02\\\/amadee-18-day-1\\\/\",\"url\":\"https:\\\/\\\/oewf.org\\\/en\\\/2018\\\/02\\\/amadee-18-day-1\\\/\",\"name\":\"Landing Day: Feb. 8th, 2018 - Austrian Space Forum (OeWF)\",\"isPartOf\":{\"@id\":\"https:\\\/\\\/oewf.org\\\/#website\"},\"primaryImageOfPage\":{\"@id\":\"https:\\\/\\\/oewf.org\\\/en\\\/2018\\\/02\\\/amadee-18-day-1\\\/#primaryimage\"},\"image\":{\"@id\":\"https:\\\/\\\/oewf.org\\\/en\\\/2018\\\/02\\\/amadee-18-day-1\\\/#primaryimage\"},\"thumbnailUrl\":\"https:\\\/\\\/oewf.org\\\/wp-content\\\/uploads\\\/2018\\\/02\\\/AnalogAstronautsonEVA7\u00a9OeWF_Voggeneder.jpg\",\"datePublished\":\"2018-02-08T17:21:11+00:00\",\"dateModified\":\"2018-02-09T07:25:15+00:00\",\"author\":{\"@id\":\"https:\\\/\\\/oewf.org\\\/#\\\/schema\\\/person\\\/d33b1cc5e9a431b7ad8c32cefeaa4aa7\"},\"breadcrumb\":{\"@id\":\"https:\\\/\\\/oewf.org\\\/en\\\/2018\\\/02\\\/amadee-18-day-1\\\/#breadcrumb\"},\"inLanguage\":\"en-US\",\"potentialAction\":[{\"@type\":\"ReadAction\",\"target\":[\"https:\\\/\\\/oewf.org\\\/en\\\/2018\\\/02\\\/amadee-18-day-1\\\/\"]}]},{\"@type\":\"ImageObject\",\"inLanguage\":\"en-US\",\"@id\":\"https:\\\/\\\/oewf.org\\\/en\\\/2018\\\/02\\\/amadee-18-day-1\\\/#primaryimage\",\"url\":\"https:\\\/\\\/oewf.org\\\/wp-content\\\/uploads\\\/2018\\\/02\\\/AnalogAstronautsonEVA7\u00a9OeWF_Voggeneder.jpg\",\"contentUrl\":\"https:\\\/\\\/oewf.org\\\/wp-content\\\/uploads\\\/2018\\\/02\\\/AnalogAstronautsonEVA7\u00a9OeWF_Voggeneder.jpg\",\"width\":1024,\"height\":731,\"caption\":\"Aouda.X and Aouda.S during the AMADEE-18 mission \\\/ Oman. (c) OeWF (Florian Voggeneder\"},{\"@type\":\"BreadcrumbList\",\"@id\":\"https:\\\/\\\/oewf.org\\\/en\\\/2018\\\/02\\\/amadee-18-day-1\\\/#breadcrumb\",\"itemListElement\":[{\"@type\":\"ListItem\",\"position\":1,\"name\":\"Startseite\",\"item\":\"https:\\\/\\\/oewf.org\\\/en\\\/\"},{\"@type\":\"ListItem\",\"position\":2,\"name\":\"Landing Day: Feb. 8th, 2018\"}]},{\"@type\":\"WebSite\",\"@id\":\"https:\\\/\\\/oewf.org\\\/#website\",\"url\":\"https:\\\/\\\/oewf.org\\\/\",\"name\":\"Austrian Space Forum (OeWF)\",\"description\":\"\u00d6sterreichisches Weltraum Forum Austrian Space Forum\",\"potentialAction\":[{\"@type\":\"SearchAction\",\"target\":{\"@type\":\"EntryPoint\",\"urlTemplate\":\"https:\\\/\\\/oewf.org\\\/?s={search_term_string}\"},\"query-input\":{\"@type\":\"PropertyValueSpecification\",\"valueRequired\":true,\"valueName\":\"search_term_string\"}}],\"inLanguage\":\"en-US\"},{\"@type\":\"Person\",\"@id\":\"https:\\\/\\\/oewf.org\\\/#\\\/schema\\\/person\\\/d33b1cc5e9a431b7ad8c32cefeaa4aa7\",\"name\":\"OeWF\",\"sameAs\":[\"https:\\\/\\\/www.oewf.org\",\"https:\\\/\\\/x.com\\\/oewf\"],\"url\":\"https:\\\/\\\/oewf.org\\\/en\\\/author\\\/oewf\\\/\"}]}<\/script>\n<!-- \/ Yoast SEO plugin. -->","yoast_head_json":{"title":"Landing Day: Feb. 8th, 2018 - Austrian Space Forum (OeWF)","robots":{"index":"index","follow":"follow","max-snippet":"max-snippet:-1","max-image-preview":"max-image-preview:large","max-video-preview":"max-video-preview:-1"},"canonical":"https:\/\/oewf.org\/en\/2018\/02\/amadee-18-day-1\/","og_locale":"en_US","og_type":"article","og_title":"Landing Day: Feb. 8th, 2018 - Austrian Space Forum (OeWF)","og_description":"The Isolation Phase began today! It was exciting for both EARTH and FIELD. At the Mission Support Center, a press Conference with Sophie Gruber (AMADEE-18 project management), Reinhard Tlustos (\u00d6WF Flight Director) and R\u00fcdiger K\u00f6ster (CTO of T-Mobile Austria) took [&hellip;]","og_url":"https:\/\/oewf.org\/en\/2018\/02\/amadee-18-day-1\/","og_site_name":"Austrian Space Forum (OeWF)","article_published_time":"2018-02-08T17:21:11+00:00","article_modified_time":"2018-02-09T07:25:15+00:00","og_image":[{"width":1024,"height":731,"url":"https:\/\/oewf.org\/wp-content\/uploads\/2018\/02\/AnalogAstronautsonEVA7\u00a9OeWF_Voggeneder.jpg","type":"image\/jpeg"}],"author":"OeWF","twitter_card":"summary_large_image","twitter_creator":"@oewf","twitter_misc":{"Written by":"OeWF","Est. reading time":"1 minute"},"schema":{"@context":"https:\/\/schema.org","@graph":[{"@type":"Article","@id":"https:\/\/oewf.org\/en\/2018\/02\/amadee-18-day-1\/#article","isPartOf":{"@id":"https:\/\/oewf.org\/en\/2018\/02\/amadee-18-day-1\/"},"author":{"name":"OeWF","@id":"https:\/\/oewf.org\/#\/schema\/person\/d33b1cc5e9a431b7ad8c32cefeaa4aa7"},"headline":"Landing Day: Feb. 8th, 2018","datePublished":"2018-02-08T17:21:11+00:00","dateModified":"2018-02-09T07:25:15+00:00","mainEntityOfPage":{"@id":"https:\/\/oewf.org\/en\/2018\/02\/amadee-18-day-1\/"},"wordCount":158,"image":{"@id":"https:\/\/oewf.org\/en\/2018\/02\/amadee-18-day-1\/#primaryimage"},"thumbnailUrl":"https:\/\/oewf.org\/wp-content\/uploads\/2018\/02\/AnalogAstronautsonEVA7\u00a9OeWF_Voggeneder.jpg","keywords":["AMADEE","AMADEE-18","AMADEE18","expedition"],"articleSection":["AMADEE-18","Expeditions\/Simulations","OeWF News"],"inLanguage":"en-US"},{"@type":"WebPage","@id":"https:\/\/oewf.org\/en\/2018\/02\/amadee-18-day-1\/","url":"https:\/\/oewf.org\/en\/2018\/02\/amadee-18-day-1\/","name":"Landing Day: Feb. 8th, 2018 - Austrian Space Forum (OeWF)","isPartOf":{"@id":"https:\/\/oewf.org\/#website"},"primaryImageOfPage":{"@id":"https:\/\/oewf.org\/en\/2018\/02\/amadee-18-day-1\/#primaryimage"},"image":{"@id":"https:\/\/oewf.org\/en\/2018\/02\/amadee-18-day-1\/#primaryimage"},"thumbnailUrl":"https:\/\/oewf.org\/wp-content\/uploads\/2018\/02\/AnalogAstronautsonEVA7\u00a9OeWF_Voggeneder.jpg","datePublished":"2018-02-08T17:21:11+00:00","dateModified":"2018-02-09T07:25:15+00:00","author":{"@id":"https:\/\/oewf.org\/#\/schema\/person\/d33b1cc5e9a431b7ad8c32cefeaa4aa7"},"breadcrumb":{"@id":"https:\/\/oewf.org\/en\/2018\/02\/amadee-18-day-1\/#breadcrumb"},"inLanguage":"en-US","potentialAction":[{"@type":"ReadAction","target":["https:\/\/oewf.org\/en\/2018\/02\/amadee-18-day-1\/"]}]},{"@type":"ImageObject","inLanguage":"en-US","@id":"https:\/\/oewf.org\/en\/2018\/02\/amadee-18-day-1\/#primaryimage","url":"https:\/\/oewf.org\/wp-content\/uploads\/2018\/02\/AnalogAstronautsonEVA7\u00a9OeWF_Voggeneder.jpg","contentUrl":"https:\/\/oewf.org\/wp-content\/uploads\/2018\/02\/AnalogAstronautsonEVA7\u00a9OeWF_Voggeneder.jpg","width":1024,"height":731,"caption":"Aouda.X and Aouda.S during the AMADEE-18 mission \/ Oman. (c) OeWF (Florian Voggeneder"},{"@type":"BreadcrumbList","@id":"https:\/\/oewf.org\/en\/2018\/02\/amadee-18-day-1\/#breadcrumb","itemListElement":[{"@type":"ListItem","position":1,"name":"Startseite","item":"https:\/\/oewf.org\/en\/"},{"@type":"ListItem","position":2,"name":"Landing Day: Feb. 8th, 2018"}]},{"@type":"WebSite","@id":"https:\/\/oewf.org\/#website","url":"https:\/\/oewf.org\/","name":"Austrian Space Forum (OeWF)","description":"\u00d6sterreichisches Weltraum Forum Austrian Space Forum","potentialAction":[{"@type":"SearchAction","target":{"@type":"EntryPoint","urlTemplate":"https:\/\/oewf.org\/?s={search_term_string}"},"query-input":{"@type":"PropertyValueSpecification","valueRequired":true,"valueName":"search_term_string"}}],"inLanguage":"en-US"},{"@type":"Person","@id":"https:\/\/oewf.org\/#\/schema\/person\/d33b1cc5e9a431b7ad8c32cefeaa4aa7","name":"OeWF","sameAs":["https:\/\/www.oewf.org","https:\/\/x.com\/oewf"],"url":"https:\/\/oewf.org\/en\/author\/oewf\/"}]}},"_links":{"self":[{"href":"https:\/\/oewf.org\/en\/wp-json\/wp\/v2\/posts\/13915","targetHints":{"allow":["GET"]}}],"collection":[{"href":"https:\/\/oewf.org\/en\/wp-json\/wp\/v2\/posts"}],"about":[{"href":"https:\/\/oewf.org\/en\/wp-json\/wp\/v2\/types\/post"}],"author":[{"embeddable":true,"href":"https:\/\/oewf.org\/en\/wp-json\/wp\/v2\/users\/2"}],"replies":[{"embeddable":true,"href":"https:\/\/oewf.org\/en\/wp-json\/wp\/v2\/comments?post=13915"}],"version-history":[{"count":0,"href":"https:\/\/oewf.org\/en\/wp-json\/wp\/v2\/posts\/13915\/revisions"}],"wp:featuredmedia":[{"embeddable":true,"href":"https:\/\/oewf.org\/en\/wp-json\/wp\/v2\/media\/13916"}],"wp:attachment":[{"href":"https:\/\/oewf.org\/en\/wp-json\/wp\/v2\/media?parent=13915"}],"wp:term":[{"taxonomy":"category","embeddable":true,"href":"https:\/\/oewf.org\/en\/wp-json\/wp\/v2\/categories?post=13915"},{"taxonomy":"post_tag","embeddable":true,"href":"https:\/\/oewf.org\/en\/wp-json\/wp\/v2\/tags?post=13915"}],"curies":[{"name":"wp","href":"https:\/\/api.w.org\/{rel}","templated":true}]}}