{"id":23260,"date":"2024-02-02T08:54:00","date_gmt":"2024-02-02T06:54:00","guid":{"rendered":"https:\/\/oewf.org\/?p=23260"},"modified":"2024-03-10T21:25:22","modified_gmt":"2024-03-10T19:25:22","slug":"amadee-24-dress-rehearsal-vienna","status":"publish","type":"post","link":"https:\/\/oewf.org\/en\/2024\/02\/amadee-24-dress-rehearsal-vienna\/","title":{"rendered":"AMADEE-24: Three days dress rehearsal in Vienna"},"content":{"rendered":"\n<p><strong>What a dress rehearsal! It was three intensive days from January 26 to 28, 2024 with a well-attended press conference, 150 AMADEE-24 team members from over 26 countries and 350 visitors during the public day at our logistics partner Gebr\u00fcder Weiss. Procedures were practiced and the final tests for our research expedition were completed. The dress rehearsal was set up in such a way that there was a &#8220;Mars&#8221; test area in Maria Lanzendorf and our new Mission Support Center in Vienna (thus &#8220;Earth&#8221;) was also put into operation. This allowed us to simulate the &#8220;Earth&#8221; &#8211; &#8220;Mars&#8221; time delay, as the teams worked at two different locations in Vienna and the surrounding area.<\/strong><\/p>\n\n\n\n<p>The &#8220;Mars&#8221; was located on the Gebr\u00fcder Weiss premises, where we spent another three days extensively testing the equipment and procedures for our Mars simulation, which will take place in Armenia from March 5 to April 5, 2024. Everything is now well packed and the logistics specialists from Gebr\u00fcder Weiss are taking care of the safe transportation to Armenia and back again. It all started on Friday with a press conference.<\/p>\n\n\n<div class=\"wp-block-image\">\n<figure class=\"aligncenter size-full is-resized\"><img loading=\"lazy\" decoding=\"async\" width=\"900\" height=\"600\" src=\"https:\/\/oewf.org\/wp-content\/uploads\/2024\/01\/klein_OeWF_20240126-1115_A24_DR2_vog.photo_OG_9402.jpg\" alt=\"During the press conference with our partners Gebr\u00fcder Weiss and Fortis. from left: Andreas Bentele (Fortis), Gernot Gr\u00f6mer (OeWF), J\u00fcrgen Bauer (Gebr\u00fcder Weiss), Frank Hass (Gebr\u00fcder Weiss) (c) OeWF\/vog.photo\" class=\"wp-image-23171\" style=\"width:720px;height:auto\" srcset=\"https:\/\/oewf.org\/wp-content\/uploads\/2024\/01\/klein_OeWF_20240126-1115_A24_DR2_vog.photo_OG_9402.jpg 900w, https:\/\/oewf.org\/wp-content\/uploads\/2024\/01\/klein_OeWF_20240126-1115_A24_DR2_vog.photo_OG_9402-300x200.jpg 300w, https:\/\/oewf.org\/wp-content\/uploads\/2024\/01\/klein_OeWF_20240126-1115_A24_DR2_vog.photo_OG_9402-600x400.jpg 600w, https:\/\/oewf.org\/wp-content\/uploads\/2024\/01\/klein_OeWF_20240126-1115_A24_DR2_vog.photo_OG_9402-768x512.jpg 768w\" sizes=\"auto, (max-width: 900px) 100vw, 900px\" \/><figcaption class=\"wp-element-caption\">During the press conference with our partners Gebr\u00fcder Weiss and Fortis. from left: Andreas Bentele (Fortis), Gernot Gr\u00f6mer (OeWF), J\u00fcrgen Bauer (Gebr\u00fcder Weiss), Frank Hass (Gebr\u00fcder Weiss) (c) OeWF\/vog.photo<\/figcaption><\/figure>\n<\/div>\n\n<div class=\"wp-block-image\">\n<figure class=\"aligncenter size-full is-resized\"><img loading=\"lazy\" decoding=\"async\" width=\"900\" height=\"600\" src=\"https:\/\/oewf.org\/wp-content\/uploads\/2024\/01\/klein_OeWF_20240126-1120_A24_DR2_vog.photo_OG_9430.jpg\" alt=\"The media interest was great. (c) OeWF\/vog.photo\" class=\"wp-image-23169\" style=\"width:720px\" srcset=\"https:\/\/oewf.org\/wp-content\/uploads\/2024\/01\/klein_OeWF_20240126-1120_A24_DR2_vog.photo_OG_9430.jpg 900w, https:\/\/oewf.org\/wp-content\/uploads\/2024\/01\/klein_OeWF_20240126-1120_A24_DR2_vog.photo_OG_9430-300x200.jpg 300w, https:\/\/oewf.org\/wp-content\/uploads\/2024\/01\/klein_OeWF_20240126-1120_A24_DR2_vog.photo_OG_9430-600x400.jpg 600w, https:\/\/oewf.org\/wp-content\/uploads\/2024\/01\/klein_OeWF_20240126-1120_A24_DR2_vog.photo_OG_9430-768x512.jpg 768w\" sizes=\"auto, (max-width: 900px) 100vw, 900px\" \/><figcaption class=\"wp-element-caption\"><em>The media interest was great. (c) OeWF\/vog.photo<\/em><\/figcaption><\/figure>\n<\/div>\n\n\n<p>Behind every successful OeWF Analog mission are our teams, who keep the proverbial gears of the mission running. With a great deal of commitment and expert training in a wide range of disciplines, they form the backbone of operational excellence. Thanks to all of them and our partners, the dress rehearsal went smoothly. No job was too complex, no challenge too great. With their expertise, they ensured that our analog astronauts and the experiment teams were able to operate in a safe and well-prepared environment during the AMADEE-24 dress rehearsal.<\/p>\n\n\n<div class=\"wp-block-image\">\n<figure class=\"aligncenter size-full is-resized\"><img loading=\"lazy\" decoding=\"async\" width=\"900\" height=\"600\" src=\"https:\/\/oewf.org\/wp-content\/uploads\/2024\/01\/klein_OeWF_20240127-1743_A24_DR2_vog.photo_OG_0774.jpg\" alt=\"Our GOST team (Ground Operations and Support Team), no challenge is too big for them. (c) OeWF\/vog.phot\" class=\"wp-image-23177\" style=\"width:720px\" srcset=\"https:\/\/oewf.org\/wp-content\/uploads\/2024\/01\/klein_OeWF_20240127-1743_A24_DR2_vog.photo_OG_0774.jpg 900w, https:\/\/oewf.org\/wp-content\/uploads\/2024\/01\/klein_OeWF_20240127-1743_A24_DR2_vog.photo_OG_0774-300x200.jpg 300w, https:\/\/oewf.org\/wp-content\/uploads\/2024\/01\/klein_OeWF_20240127-1743_A24_DR2_vog.photo_OG_0774-600x400.jpg 600w, https:\/\/oewf.org\/wp-content\/uploads\/2024\/01\/klein_OeWF_20240127-1743_A24_DR2_vog.photo_OG_0774-768x512.jpg 768w\" sizes=\"auto, (max-width: 900px) 100vw, 900px\" \/><figcaption class=\"wp-element-caption\"><em>Our GOST team (Ground Operations and Support Team), no challenge is too big for them. (c) OeWF\/vog.photo<\/em><\/figcaption><\/figure>\n<\/div>\n\n<div class=\"wp-block-image\">\n<figure class=\"aligncenter size-full is-resized\"><img loading=\"lazy\" decoding=\"async\" width=\"900\" height=\"600\" src=\"https:\/\/oewf.org\/wp-content\/uploads\/2024\/01\/klein_OeWF_20240127-1213_A24_DR2_vog.photo_OG_0138.jpg\" alt=\"The donning of the spacesuit simulator is carried out according to precise procedures and requires many helping hands. (c) OeWF\/vog.photovog.photo\" class=\"wp-image-23180\" style=\"width:720px\" srcset=\"https:\/\/oewf.org\/wp-content\/uploads\/2024\/01\/klein_OeWF_20240127-1213_A24_DR2_vog.photo_OG_0138.jpg 900w, https:\/\/oewf.org\/wp-content\/uploads\/2024\/01\/klein_OeWF_20240127-1213_A24_DR2_vog.photo_OG_0138-300x200.jpg 300w, https:\/\/oewf.org\/wp-content\/uploads\/2024\/01\/klein_OeWF_20240127-1213_A24_DR2_vog.photo_OG_0138-600x400.jpg 600w, https:\/\/oewf.org\/wp-content\/uploads\/2024\/01\/klein_OeWF_20240127-1213_A24_DR2_vog.photo_OG_0138-768x512.jpg 768w\" sizes=\"auto, (max-width: 900px) 100vw, 900px\" \/><figcaption class=\"wp-element-caption\"><em>The donning of the spacesuit simulator is carried out according to precise procedures and requires many helping hands. (c) OeWF\/vog.photo<\/em><\/figcaption><\/figure>\n<\/div>\n\n<div class=\"wp-block-image\">\n<figure class=\"aligncenter size-full is-resized\"><img loading=\"lazy\" decoding=\"async\" width=\"900\" height=\"600\" src=\"https:\/\/oewf.org\/wp-content\/uploads\/2024\/01\/klein_OeWF_20240127-1126_A24_DR2_vog.photo_OG_0087.jpg\" alt=\"Setting up the WIFI, which is required for communication between the spacesuits and the Mars habitat. There is also no corresponding infrastructure on Mars, so it has to be brought from Earth. (c) OeWF\/vog.photo\" class=\"wp-image-23183\" style=\"width:720px\" srcset=\"https:\/\/oewf.org\/wp-content\/uploads\/2024\/01\/klein_OeWF_20240127-1126_A24_DR2_vog.photo_OG_0087.jpg 900w, https:\/\/oewf.org\/wp-content\/uploads\/2024\/01\/klein_OeWF_20240127-1126_A24_DR2_vog.photo_OG_0087-300x200.jpg 300w, https:\/\/oewf.org\/wp-content\/uploads\/2024\/01\/klein_OeWF_20240127-1126_A24_DR2_vog.photo_OG_0087-600x400.jpg 600w, https:\/\/oewf.org\/wp-content\/uploads\/2024\/01\/klein_OeWF_20240127-1126_A24_DR2_vog.photo_OG_0087-768x512.jpg 768w\" sizes=\"auto, (max-width: 900px) 100vw, 900px\" \/><figcaption class=\"wp-element-caption\"><em>Setting up the WIFI, which is required for communication between the spacesuits and the Mars habitat. There is also no corresponding infrastructure on Mars, so it has to be brought from Earth. (c) OeWF\/vog.photo<\/em><\/figcaption><\/figure>\n<\/div>\n\n<div class=\"wp-block-image\">\n<figure class=\"aligncenter size-full is-resized\"><img loading=\"lazy\" decoding=\"async\" width=\"900\" height=\"600\" src=\"https:\/\/oewf.org\/wp-content\/uploads\/2024\/01\/klein_OeWF_20240127-0853_A24_DR2_vog.photo_OG_0046.jpg\" alt=\"OeWF IT team lead Lukas Gradl in intensive conversation with our analog astronauts. (c) OeWF\/vog.photo\" class=\"wp-image-23186\" style=\"width:720px\" srcset=\"https:\/\/oewf.org\/wp-content\/uploads\/2024\/01\/klein_OeWF_20240127-0853_A24_DR2_vog.photo_OG_0046.jpg 900w, https:\/\/oewf.org\/wp-content\/uploads\/2024\/01\/klein_OeWF_20240127-0853_A24_DR2_vog.photo_OG_0046-300x200.jpg 300w, https:\/\/oewf.org\/wp-content\/uploads\/2024\/01\/klein_OeWF_20240127-0853_A24_DR2_vog.photo_OG_0046-600x400.jpg 600w, https:\/\/oewf.org\/wp-content\/uploads\/2024\/01\/klein_OeWF_20240127-0853_A24_DR2_vog.photo_OG_0046-768x512.jpg 768w\" sizes=\"auto, (max-width: 900px) 100vw, 900px\" \/><figcaption class=\"wp-element-caption\"><em>OeWF IT team lead Lukas Gradl in intensive conversation with our analog astronauts. (c) OeWF\/vog.photo<\/em><\/figcaption><\/figure>\n<\/div>\n\n\n<p>Our new Mission Support Center (MSC) in Vienna performed the first live test run well, so we are well equipped for the mission. The heart of the MSC is the flight control team room (FCT), where the flight directors manage the mission and monitor the crew in the field with other teams such as biomedical engineers and psychologists to ensure safety at all times.<\/p>\n\n\n<div class=\"wp-block-image\">\n<figure class=\"aligncenter size-full is-resized\"><img loading=\"lazy\" decoding=\"async\" width=\"900\" height=\"600\" src=\"https:\/\/oewf.org\/wp-content\/uploads\/2024\/01\/klein_OeWF_20240128-0851_A24_vog.photo_OG_0907.jpg\" alt=\"View of the flight control team room at the MSC in Vienna. Flight directors Reinhard Tlustos and Guillaume Thirion, recognizable by their white shirts. (c) OeWF\/vog.photo\" class=\"wp-image-23192\" style=\"width:720px\" srcset=\"https:\/\/oewf.org\/wp-content\/uploads\/2024\/01\/klein_OeWF_20240128-0851_A24_vog.photo_OG_0907.jpg 900w, https:\/\/oewf.org\/wp-content\/uploads\/2024\/01\/klein_OeWF_20240128-0851_A24_vog.photo_OG_0907-300x200.jpg 300w, https:\/\/oewf.org\/wp-content\/uploads\/2024\/01\/klein_OeWF_20240128-0851_A24_vog.photo_OG_0907-600x400.jpg 600w, https:\/\/oewf.org\/wp-content\/uploads\/2024\/01\/klein_OeWF_20240128-0851_A24_vog.photo_OG_0907-768x512.jpg 768w\" sizes=\"auto, (max-width: 900px) 100vw, 900px\" \/><figcaption class=\"wp-element-caption\"><em>View of the flight control team room at the MSC in Vienna. Flight directors Reinhard Tlustos and Guillaume Thirion, recognizable by their white shirts. (c) OeWF\/vog.photo<\/em><\/figcaption><\/figure>\n<\/div>\n\n<div class=\"wp-block-image\">\n<figure class=\"aligncenter size-full is-resized\"><img loading=\"lazy\" decoding=\"async\" width=\"800\" height=\"450\" src=\"https:\/\/oewf.org\/wp-content\/uploads\/2024\/01\/IMG_3881.jpg\" alt=\"Concentrated work in the flight control team room at the MSC. (c) OeWF\" class=\"wp-image-23216\" style=\"width:720px\" srcset=\"https:\/\/oewf.org\/wp-content\/uploads\/2024\/01\/IMG_3881.jpg 800w, https:\/\/oewf.org\/wp-content\/uploads\/2024\/01\/IMG_3881-300x169.jpg 300w, https:\/\/oewf.org\/wp-content\/uploads\/2024\/01\/IMG_3881-600x338.jpg 600w, https:\/\/oewf.org\/wp-content\/uploads\/2024\/01\/IMG_3881-768x432.jpg 768w\" sizes=\"auto, (max-width: 800px) 100vw, 800px\" \/><figcaption class=\"wp-element-caption\"><em>Concentrated work in the flight control team room at the MSC. (c) OeWF<\/em><\/figcaption><\/figure>\n<\/div>\n\n<div class=\"wp-block-image\">\n<figure class=\"aligncenter size-full is-resized\"><img loading=\"lazy\" decoding=\"async\" width=\"900\" height=\"600\" src=\"https:\/\/oewf.org\/wp-content\/uploads\/2024\/01\/klein_OeWF_20240128-0835_A24_vog.photo_OG_0854.jpg\" alt=\"FCT members documenting the events at the MSC. (c) OeWF\/vog.photo\" class=\"wp-image-23210\" style=\"width:720px\" srcset=\"https:\/\/oewf.org\/wp-content\/uploads\/2024\/01\/klein_OeWF_20240128-0835_A24_vog.photo_OG_0854.jpg 900w, https:\/\/oewf.org\/wp-content\/uploads\/2024\/01\/klein_OeWF_20240128-0835_A24_vog.photo_OG_0854-300x200.jpg 300w, https:\/\/oewf.org\/wp-content\/uploads\/2024\/01\/klein_OeWF_20240128-0835_A24_vog.photo_OG_0854-600x400.jpg 600w, https:\/\/oewf.org\/wp-content\/uploads\/2024\/01\/klein_OeWF_20240128-0835_A24_vog.photo_OG_0854-768x512.jpg 768w\" sizes=\"auto, (max-width: 900px) 100vw, 900px\" \/><figcaption class=\"wp-element-caption\"><em>FCT members documenting the events at the MSC. (c) OeWF\/vog.photo<\/em><\/figcaption><\/figure>\n<\/div>\n\n<div class=\"wp-block-image\">\n<figure class=\"aligncenter size-full is-resized\"><img loading=\"lazy\" decoding=\"async\" width=\"800\" height=\"450\" src=\"https:\/\/oewf.org\/wp-content\/uploads\/2024\/01\/IMG_3888.jpg\" alt=\"The flight plan team reconciles mission-specific priorities and safety aspects in order to create perfectly timed flight plans for the field crew. (c) OeWF\" class=\"wp-image-23212\" style=\"width:720px\" srcset=\"https:\/\/oewf.org\/wp-content\/uploads\/2024\/01\/IMG_3888.jpg 800w, https:\/\/oewf.org\/wp-content\/uploads\/2024\/01\/IMG_3888-300x169.jpg 300w, https:\/\/oewf.org\/wp-content\/uploads\/2024\/01\/IMG_3888-600x338.jpg 600w, https:\/\/oewf.org\/wp-content\/uploads\/2024\/01\/IMG_3888-768x432.jpg 768w\" sizes=\"auto, (max-width: 800px) 100vw, 800px\" \/><figcaption class=\"wp-element-caption\"><em>The flight plan team reconciles mission-specific priorities and safety aspects in order to create perfectly timed flight plans for the field crew. (c) OeWF<\/em><\/figcaption><\/figure>\n<\/div>\n\n<div class=\"wp-block-image\">\n<figure class=\"aligncenter size-full is-resized\"><img loading=\"lazy\" decoding=\"async\" width=\"1067\" height=\"800\" src=\"https:\/\/oewf.org\/wp-content\/uploads\/2024\/01\/IMG_3897.jpg\" alt=\"Our RSS team ensures the data integrity of the experiment data and supports the experiment executions remotely. (c) OeWF\" class=\"wp-image-23214\" style=\"width:720px\" srcset=\"https:\/\/oewf.org\/wp-content\/uploads\/2024\/01\/IMG_3897.jpg 1067w, https:\/\/oewf.org\/wp-content\/uploads\/2024\/01\/IMG_3897-300x225.jpg 300w, https:\/\/oewf.org\/wp-content\/uploads\/2024\/01\/IMG_3897-600x450.jpg 600w, https:\/\/oewf.org\/wp-content\/uploads\/2024\/01\/IMG_3897-768x576.jpg 768w\" sizes=\"auto, (max-width: 1067px) 100vw, 1067px\" \/><figcaption class=\"wp-element-caption\"><em>Our RSS team ensures the data integrity of the experiment data and supports the experiment executions remotely. (c) OeWF<\/em><\/figcaption><\/figure>\n<\/div>\n\n<div class=\"wp-block-image\">\n<figure class=\"aligncenter size-full is-resized\"><img loading=\"lazy\" decoding=\"async\" width=\"900\" height=\"600\" src=\"https:\/\/oewf.org\/wp-content\/uploads\/2024\/01\/klein_OeWF_20240126-1224_A24_DR2_vog.photo_OG_9516.jpg\" alt=\"The MERCATOR rover from TU Graz is equipped with a new drive suitable for really difficult terrain and a robotic arm with a 360\u00b0 sensor head. (c) OeWF\/vog.photo\" class=\"wp-image-23219\" style=\"width:720px\" srcset=\"https:\/\/oewf.org\/wp-content\/uploads\/2024\/01\/klein_OeWF_20240126-1224_A24_DR2_vog.photo_OG_9516.jpg 900w, https:\/\/oewf.org\/wp-content\/uploads\/2024\/01\/klein_OeWF_20240126-1224_A24_DR2_vog.photo_OG_9516-300x200.jpg 300w, https:\/\/oewf.org\/wp-content\/uploads\/2024\/01\/klein_OeWF_20240126-1224_A24_DR2_vog.photo_OG_9516-600x400.jpg 600w, https:\/\/oewf.org\/wp-content\/uploads\/2024\/01\/klein_OeWF_20240126-1224_A24_DR2_vog.photo_OG_9516-768x512.jpg 768w\" sizes=\"auto, (max-width: 900px) 100vw, 900px\" \/><figcaption class=\"wp-element-caption\"><em>The MERCATOR rover from TU Graz is equipped with a new drive suitable for really difficult terrain and a robotic arm with a 360\u00b0 sensor head. (c) OeWF\/vog.photo<\/em><\/figcaption><\/figure>\n<\/div>\n\n<div class=\"wp-block-image\">\n<figure class=\"aligncenter size-full is-resized\"><img loading=\"lazy\" decoding=\"async\" width=\"900\" height=\"600\" src=\"https:\/\/oewf.org\/wp-content\/uploads\/2024\/01\/klein_OeWF_20240128-1044_A24_vog.photo_OG_1016.jpg\" alt=\"AMADEE-24 will once again use the exploration cascade to gradually refine situational awareness on Mars, from images from an orbiter to images from UAVs and rover mapping to in-situ measurements such as spectroscopy. (c) OeWF\/vog.photo\" class=\"wp-image-23225\" style=\"width:720px\" srcset=\"https:\/\/oewf.org\/wp-content\/uploads\/2024\/01\/klein_OeWF_20240128-1044_A24_vog.photo_OG_1016.jpg 900w, https:\/\/oewf.org\/wp-content\/uploads\/2024\/01\/klein_OeWF_20240128-1044_A24_vog.photo_OG_1016-300x200.jpg 300w, https:\/\/oewf.org\/wp-content\/uploads\/2024\/01\/klein_OeWF_20240128-1044_A24_vog.photo_OG_1016-600x400.jpg 600w, https:\/\/oewf.org\/wp-content\/uploads\/2024\/01\/klein_OeWF_20240128-1044_A24_vog.photo_OG_1016-768x512.jpg 768w\" sizes=\"auto, (max-width: 900px) 100vw, 900px\" \/><figcaption class=\"wp-element-caption\"><em>AMADEE-24 will once again use the exploration cascade to gradually refine situational awareness on Mars, from images from an orbiter to images from UAVs and rover mapping to in-situ measurements such as spectroscopy. (c) OeWF\/vog.photo<\/em><\/figcaption><\/figure>\n<\/div>\n\n<div class=\"wp-block-image\">\n<figure class=\"aligncenter size-full is-resized\"><img loading=\"lazy\" decoding=\"async\" width=\"900\" height=\"600\" src=\"https:\/\/oewf.org\/wp-content\/uploads\/2024\/01\/klein_OeWF_20240127-1541_A24_DR2_vog.photo_OG_0432.jpg\" alt=\"Analog astronaut Thomas Wijnen controls the iROCS rover at Wels University of Applied Sciences. iROCS stands for Intuitive Robot Operation and Collecting Samples. (c) OeWF\/vog.photo\" class=\"wp-image-23221\" style=\"width:720px\" srcset=\"https:\/\/oewf.org\/wp-content\/uploads\/2024\/01\/klein_OeWF_20240127-1541_A24_DR2_vog.photo_OG_0432.jpg 900w, https:\/\/oewf.org\/wp-content\/uploads\/2024\/01\/klein_OeWF_20240127-1541_A24_DR2_vog.photo_OG_0432-300x200.jpg 300w, https:\/\/oewf.org\/wp-content\/uploads\/2024\/01\/klein_OeWF_20240127-1541_A24_DR2_vog.photo_OG_0432-600x400.jpg 600w, https:\/\/oewf.org\/wp-content\/uploads\/2024\/01\/klein_OeWF_20240127-1541_A24_DR2_vog.photo_OG_0432-768x512.jpg 768w\" sizes=\"auto, (max-width: 900px) 100vw, 900px\" \/><figcaption class=\"wp-element-caption\"><em>Analog astronaut Thomas Wijnen controls the iROCS rover at Wels University of Applied Sciences. iROCS stands for Intuitive Robot Operation and Collecting Samples. (c) OeWF\/vog.photo<\/em><\/figcaption><\/figure>\n<\/div>\n\n<div class=\"wp-block-image\">\n<figure class=\"aligncenter size-full is-resized\"><img loading=\"lazy\" decoding=\"async\" width=\"900\" height=\"600\" src=\"https:\/\/oewf.org\/wp-content\/uploads\/2024\/01\/klein_OeWF_20240128-1330_A24_vog.photo_OG_1561.jpg\" alt=\"The IROCS, FaRSIDE and GEOS experiment teams are ready for AMADEE-24 (c) OeWF\/vog.photo\" class=\"wp-image-23223\" style=\"width:720px\" srcset=\"https:\/\/oewf.org\/wp-content\/uploads\/2024\/01\/klein_OeWF_20240128-1330_A24_vog.photo_OG_1561.jpg 900w, https:\/\/oewf.org\/wp-content\/uploads\/2024\/01\/klein_OeWF_20240128-1330_A24_vog.photo_OG_1561-300x200.jpg 300w, https:\/\/oewf.org\/wp-content\/uploads\/2024\/01\/klein_OeWF_20240128-1330_A24_vog.photo_OG_1561-600x400.jpg 600w, https:\/\/oewf.org\/wp-content\/uploads\/2024\/01\/klein_OeWF_20240128-1330_A24_vog.photo_OG_1561-768x512.jpg 768w\" sizes=\"auto, (max-width: 900px) 100vw, 900px\" \/><figcaption class=\"wp-element-caption\">The IROCS, FaRSIDE and GEOS experiment teams are ready for AMADEE-24 (c) OeWF\/vog.photo<\/figcaption><\/figure>\n<\/div>\n\n<div class=\"wp-block-image\">\n<figure class=\"aligncenter size-full is-resized\"><img loading=\"lazy\" decoding=\"async\" width=\"900\" height=\"600\" src=\"https:\/\/oewf.org\/wp-content\/uploads\/2024\/01\/klein_OeWF_20240126-1349_A24_DR2_vog.photo_OG_9969.jpg\" alt=\"Analog astronaut Robert Wild with the MEROP experiment team from the Institute for Systems and Robotic, Instituto Superior Tecnico, of the University of Lisbon. (c) OeWF\/vog.photo\" class=\"wp-image-23228\" style=\"width:720px\" srcset=\"https:\/\/oewf.org\/wp-content\/uploads\/2024\/01\/klein_OeWF_20240126-1349_A24_DR2_vog.photo_OG_9969.jpg 900w, https:\/\/oewf.org\/wp-content\/uploads\/2024\/01\/klein_OeWF_20240126-1349_A24_DR2_vog.photo_OG_9969-300x200.jpg 300w, https:\/\/oewf.org\/wp-content\/uploads\/2024\/01\/klein_OeWF_20240126-1349_A24_DR2_vog.photo_OG_9969-600x400.jpg 600w, https:\/\/oewf.org\/wp-content\/uploads\/2024\/01\/klein_OeWF_20240126-1349_A24_DR2_vog.photo_OG_9969-768x512.jpg 768w\" sizes=\"auto, (max-width: 900px) 100vw, 900px\" \/><figcaption class=\"wp-element-caption\"><em>Analog astronaut Robert Wild with the MEROP experiment team from the Institute for Systems and Robotic, Instituto Superior Tecnico, of the University of Lisbon. (c) OeWF\/vog.photo<\/em><\/figcaption><\/figure>\n<\/div>\n\n\n<p>We are ready for AMADEE-24!<\/p>\n\n\n\n<p>Just like our logistics partner, who invited its employees and their families on the final day of the dress rehearsal. The interest was enormous &#8211; 350 visitors, many questions were asked, what was allowed to be tried out was tried out. Gebr\u00fcder Weiss team members know very well that they sometimes transport prototypes and unique items for us and the experiment teams and how valuable their cargo is. And we know that the research equipment is in good hands.<\/p>\n\n\n<div class=\"wp-block-image\">\n<figure class=\"aligncenter size-full is-resized\"><img loading=\"lazy\" decoding=\"async\" width=\"900\" height=\"600\" src=\"https:\/\/oewf.org\/wp-content\/uploads\/2024\/01\/klein_OeWF_20240128-1219_A24_vog.photo_OG_1335.jpg\" alt=\"Our analog astronauts I\u00f1igo Mu\u00f1oz Elorza and Carmen K\u00f6hler at the Gebr\u00fcder Weiss Public Day. (c) OeWF\/vog.photo\" class=\"wp-image-23231\" style=\"width:720px\" srcset=\"https:\/\/oewf.org\/wp-content\/uploads\/2024\/01\/klein_OeWF_20240128-1219_A24_vog.photo_OG_1335.jpg 900w, https:\/\/oewf.org\/wp-content\/uploads\/2024\/01\/klein_OeWF_20240128-1219_A24_vog.photo_OG_1335-300x200.jpg 300w, https:\/\/oewf.org\/wp-content\/uploads\/2024\/01\/klein_OeWF_20240128-1219_A24_vog.photo_OG_1335-600x400.jpg 600w, https:\/\/oewf.org\/wp-content\/uploads\/2024\/01\/klein_OeWF_20240128-1219_A24_vog.photo_OG_1335-768x512.jpg 768w\" sizes=\"auto, (max-width: 900px) 100vw, 900px\" \/><figcaption class=\"wp-element-caption\"><em>Our analog astronauts I\u00f1igo Mu\u00f1oz Elorza and Carmen K\u00f6hler at the Gebr\u00fcder Weiss Public Day. (c) OeWF\/vog.photo<\/em><\/figcaption><\/figure>\n<\/div>\n\n<div class=\"wp-block-image\">\n<figure class=\"aligncenter size-full is-resized\"><img loading=\"lazy\" decoding=\"async\" width=\"900\" height=\"600\" src=\"https:\/\/oewf.org\/wp-content\/uploads\/2024\/01\/klein_OeWF_20240128-1052_A24_vog.photo_OG_1049.jpg\" alt=\"Great interest at the Public Day. (c) OeWF\/vog.photo\" class=\"wp-image-23234\" style=\"width:720px\" srcset=\"https:\/\/oewf.org\/wp-content\/uploads\/2024\/01\/klein_OeWF_20240128-1052_A24_vog.photo_OG_1049.jpg 900w, https:\/\/oewf.org\/wp-content\/uploads\/2024\/01\/klein_OeWF_20240128-1052_A24_vog.photo_OG_1049-300x200.jpg 300w, https:\/\/oewf.org\/wp-content\/uploads\/2024\/01\/klein_OeWF_20240128-1052_A24_vog.photo_OG_1049-600x400.jpg 600w, https:\/\/oewf.org\/wp-content\/uploads\/2024\/01\/klein_OeWF_20240128-1052_A24_vog.photo_OG_1049-768x512.jpg 768w\" sizes=\"auto, (max-width: 900px) 100vw, 900px\" \/><figcaption class=\"wp-element-caption\"><em>Great interest at the Public Day. (c) OeWF\/vog.photo<\/em><\/figcaption><\/figure>\n<\/div>\n\n<div class=\"wp-block-image\">\n<figure class=\"aligncenter size-full is-resized\"><img loading=\"lazy\" decoding=\"async\" width=\"900\" height=\"600\" src=\"https:\/\/oewf.org\/wp-content\/uploads\/2024\/01\/klein_OeWF_20240128-1233_A24_vog.photo_OG_1463.jpg\" alt=\"A huge thank you to the entire Gebr\u00fcder Weiss team for your tireless efforts and commitment to AMADEE-24! (c) OeWF\/vog.photo\" class=\"wp-image-23236\" style=\"width:720px\" srcset=\"https:\/\/oewf.org\/wp-content\/uploads\/2024\/01\/klein_OeWF_20240128-1233_A24_vog.photo_OG_1463.jpg 900w, https:\/\/oewf.org\/wp-content\/uploads\/2024\/01\/klein_OeWF_20240128-1233_A24_vog.photo_OG_1463-300x200.jpg 300w, https:\/\/oewf.org\/wp-content\/uploads\/2024\/01\/klein_OeWF_20240128-1233_A24_vog.photo_OG_1463-600x400.jpg 600w, https:\/\/oewf.org\/wp-content\/uploads\/2024\/01\/klein_OeWF_20240128-1233_A24_vog.photo_OG_1463-768x512.jpg 768w\" sizes=\"auto, (max-width: 900px) 100vw, 900px\" \/><figcaption class=\"wp-element-caption\"><em>A huge thank you to the entire Gebr\u00fcder Weiss team for your tireless efforts and commitment to AMADEE-24! (c) OeWF\/vog.photo<\/em><\/figcaption><\/figure>\n<\/div>\n\n\n<p>Our official timekeeper at AMADEE-24, Fortis, was also present in Vienna and presented the new AMADEE-24 watch. Once again, the Swiss watch manufacturer is supporting our missions, now for the third time. Because the most valuable resource of our analog astronauts during a mission is time.<\/p>\n\n\n<div class=\"wp-block-image\">\n<figure class=\"aligncenter size-full is-resized\"><img loading=\"lazy\" decoding=\"async\" width=\"900\" height=\"600\" src=\"https:\/\/oewf.org\/wp-content\/uploads\/2024\/01\/klein_OeWF_20240128-1226_A24_vog.photo_OG_1394.jpg\" alt=\"Fortis presentation with analog astronauts at the Public Day in Vienna. (c) OeWF\/vog.phot\" class=\"wp-image-23207\" style=\"width:720px\" srcset=\"https:\/\/oewf.org\/wp-content\/uploads\/2024\/01\/klein_OeWF_20240128-1226_A24_vog.photo_OG_1394.jpg 900w, https:\/\/oewf.org\/wp-content\/uploads\/2024\/01\/klein_OeWF_20240128-1226_A24_vog.photo_OG_1394-300x200.jpg 300w, https:\/\/oewf.org\/wp-content\/uploads\/2024\/01\/klein_OeWF_20240128-1226_A24_vog.photo_OG_1394-600x400.jpg 600w, https:\/\/oewf.org\/wp-content\/uploads\/2024\/01\/klein_OeWF_20240128-1226_A24_vog.photo_OG_1394-768x512.jpg 768w\" sizes=\"auto, (max-width: 900px) 100vw, 900px\" \/><figcaption class=\"wp-element-caption\"><em>Fortis presentation with analog astronauts at the Public Day in Vienna. (c) OeWF\/vog.phot<\/em>o<\/figcaption><\/figure>\n<\/div>\n\n\n<p>Easy Motion Skin supports our Mars simulation with EMS training suits &#8211; these are training suits that work with electro-muscle stimulation. Our analog astronauts are already using these vests for their fitness training and muscle building. After all, a complex Mars simulation like AMADEE-24 requires a high level of fitness.<\/p>\n\n\n<div class=\"wp-block-image\">\n<figure class=\"aligncenter size-full is-resized\"><img loading=\"lazy\" decoding=\"async\" width=\"900\" height=\"600\" src=\"https:\/\/oewf.org\/wp-content\/uploads\/2024\/01\/klein_OeWF_20240128-1239_A24_vog.photo_OG_1503.jpg\" alt=\"Our partner Easy Motion Skin with two analog astronauts at the Public Day in Vienna. (c) OeWF\/vog.photo\" class=\"wp-image-23202\" style=\"width:720px\" srcset=\"https:\/\/oewf.org\/wp-content\/uploads\/2024\/01\/klein_OeWF_20240128-1239_A24_vog.photo_OG_1503.jpg 900w, https:\/\/oewf.org\/wp-content\/uploads\/2024\/01\/klein_OeWF_20240128-1239_A24_vog.photo_OG_1503-300x200.jpg 300w, https:\/\/oewf.org\/wp-content\/uploads\/2024\/01\/klein_OeWF_20240128-1239_A24_vog.photo_OG_1503-600x400.jpg 600w, https:\/\/oewf.org\/wp-content\/uploads\/2024\/01\/klein_OeWF_20240128-1239_A24_vog.photo_OG_1503-768x512.jpg 768w\" sizes=\"auto, (max-width: 900px) 100vw, 900px\" \/><figcaption class=\"wp-element-caption\"><em>Our partner Easy Motion Skin with two analog astronauts at the Public Day in Vienna. (c) OeWF\/vog.photo<\/em><\/figcaption><\/figure>\n<\/div>\n\n\n<p>We are now counting down the days until the first team members travel to our host country Armenia. In great anticipation of the upcoming mission: On to Mars!<\/p>\n\n\n<div class=\"wp-block-image\">\n<figure class=\"aligncenter size-full is-resized\"><img loading=\"lazy\" decoding=\"async\" width=\"900\" height=\"600\" src=\"https:\/\/oewf.org\/wp-content\/uploads\/2024\/01\/klein_OeWF_20240126-1416_A24_DR2_vog.photo_OG_0002.jpg\" alt=\"Our AMADEE-24 crew looking forward to the mission in Armenia, from left: Dr. Carmen K\u00f6hler, Dr. Simone Paternostro, Dr. Robert Wild, Dr. Anika Mehlis, Dr. Thomas Wijnen, I\u00f1igo Mu\u00f1oz Elorza. (c) OeWF\/vog.photo\" class=\"wp-image-23204\" style=\"width:720px\" srcset=\"https:\/\/oewf.org\/wp-content\/uploads\/2024\/01\/klein_OeWF_20240126-1416_A24_DR2_vog.photo_OG_0002.jpg 900w, https:\/\/oewf.org\/wp-content\/uploads\/2024\/01\/klein_OeWF_20240126-1416_A24_DR2_vog.photo_OG_0002-300x200.jpg 300w, https:\/\/oewf.org\/wp-content\/uploads\/2024\/01\/klein_OeWF_20240126-1416_A24_DR2_vog.photo_OG_0002-600x400.jpg 600w, https:\/\/oewf.org\/wp-content\/uploads\/2024\/01\/klein_OeWF_20240126-1416_A24_DR2_vog.photo_OG_0002-768x512.jpg 768w\" sizes=\"auto, (max-width: 900px) 100vw, 900px\" \/><figcaption class=\"wp-element-caption\"><em>Our AMADEE-24 crew looking forward to the mission in Armenia, from left: Dr. Carmen K\u00f6hler, Dr. Simone Paternostro, Dr. Robert Wild, Dr. Anika Mehlis, Dr. Thomas Wijnen, I\u00f1igo Mu\u00f1oz Elorza. (c) OeWF\/vog.photo<\/em><\/figcaption><\/figure>\n<\/div>","protected":false},"excerpt":{"rendered":"<p>What a dress rehearsal! It was three intensive days from January 26 to 28, 2024 with a well-attended press conference, 150 AMADEE-24 team members from over 26 countries and 350 visitors during the public day at our logistics partner Gebr\u00fcder [&hellip;]<\/p>\n","protected":false},"author":2,"featured_media":23237,"comment_status":"closed","ping_status":"closed","sticky":false,"template":"","format":"standard","meta":{"footnotes":""},"categories":[1741,3],"tags":[1727,334,1773,1774,1775,1626,1215],"class_list":["post-23260","post","type-post","status-publish","format-standard","has-post-thumbnail","hentry","category-amadee-24","category-oewf-news","tag-amadee-24-2","tag-dress-rehearsal-en-de","tag-experiment-teams","tag-fortis-en","tag-gebruder-weiss","tag-mission-support-center-en","tag-vienna-en"],"yoast_head":"<!-- This site is optimized with the Yoast SEO plugin v27.5 - https:\/\/yoast.com\/product\/yoast-seo-wordpress\/ -->\n<title>AMADEE-24: Three days dress rehearsal in Vienna - Austrian Space Forum (OeWF)<\/title>\n<meta name=\"robots\" content=\"index, follow, max-snippet:-1, max-image-preview:large, max-video-preview:-1\" \/>\n<link rel=\"canonical\" href=\"https:\/\/oewf.org\/en\/2024\/02\/amadee-24-dress-rehearsal-vienna\/\" \/>\n<meta property=\"og:locale\" content=\"en_US\" \/>\n<meta property=\"og:type\" content=\"article\" \/>\n<meta property=\"og:title\" content=\"AMADEE-24: Three days dress rehearsal in Vienna - Austrian Space Forum (OeWF)\" \/>\n<meta property=\"og:description\" content=\"What a dress rehearsal! It was three intensive days from January 26 to 28, 2024 with a well-attended press conference, 150 AMADEE-24 team members from over 26 countries and 350 visitors during the public day at our logistics partner Gebr\u00fcder [&hellip;]\" \/>\n<meta property=\"og:url\" content=\"https:\/\/oewf.org\/en\/2024\/02\/amadee-24-dress-rehearsal-vienna\/\" \/>\n<meta property=\"og:site_name\" content=\"Austrian Space Forum (OeWF)\" \/>\n<meta property=\"article:published_time\" content=\"2024-02-02T06:54:00+00:00\" \/>\n<meta property=\"article:modified_time\" content=\"2024-03-10T19:25:22+00:00\" \/>\n<meta property=\"og:image\" content=\"https:\/\/oewf.org\/wp-content\/uploads\/2024\/01\/klein_OeWF_20240128-1233_A24_vog.photo_OG_1463.jpg\" \/>\n\t<meta property=\"og:image:width\" content=\"900\" \/>\n\t<meta property=\"og:image:height\" content=\"600\" \/>\n\t<meta property=\"og:image:type\" content=\"image\/jpeg\" \/>\n<meta name=\"author\" content=\"OeWF\" \/>\n<meta name=\"twitter:card\" content=\"summary_large_image\" \/>\n<meta name=\"twitter:creator\" content=\"@oewf\" \/>\n<meta name=\"twitter:label1\" content=\"Written by\" \/>\n\t<meta name=\"twitter:data1\" content=\"OeWF\" \/>\n\t<meta name=\"twitter:label2\" content=\"Est. reading time\" \/>\n\t<meta name=\"twitter:data2\" content=\"9 minutes\" \/>\n<script type=\"application\/ld+json\" class=\"yoast-schema-graph\">{\"@context\":\"https:\\\/\\\/schema.org\",\"@graph\":[{\"@type\":\"Article\",\"@id\":\"https:\\\/\\\/oewf.org\\\/en\\\/2024\\\/02\\\/amadee-24-dress-rehearsal-vienna\\\/#article\",\"isPartOf\":{\"@id\":\"https:\\\/\\\/oewf.org\\\/en\\\/2024\\\/02\\\/amadee-24-dress-rehearsal-vienna\\\/\"},\"author\":{\"name\":\"OeWF\",\"@id\":\"https:\\\/\\\/oewf.org\\\/#\\\/schema\\\/person\\\/d33b1cc5e9a431b7ad8c32cefeaa4aa7\"},\"headline\":\"AMADEE-24: Three days dress rehearsal in Vienna\",\"datePublished\":\"2024-02-02T06:54:00+00:00\",\"dateModified\":\"2024-03-10T19:25:22+00:00\",\"mainEntityOfPage\":{\"@id\":\"https:\\\/\\\/oewf.org\\\/en\\\/2024\\\/02\\\/amadee-24-dress-rehearsal-vienna\\\/\"},\"wordCount\":1046,\"image\":{\"@id\":\"https:\\\/\\\/oewf.org\\\/en\\\/2024\\\/02\\\/amadee-24-dress-rehearsal-vienna\\\/#primaryimage\"},\"thumbnailUrl\":\"https:\\\/\\\/oewf.org\\\/wp-content\\\/uploads\\\/2024\\\/01\\\/klein_OeWF_20240128-1233_A24_vog.photo_OG_1463.jpg\",\"keywords\":[\"AMADEE-24\",\"dress rehearsal\",\"Experiment Teams\",\"Fortis\",\"Gebr\u00fcder Weiss\",\"Mission Support Center\",\"vienna\"],\"articleSection\":[\"AMADEE-24\",\"OeWF News\"],\"inLanguage\":\"en-US\"},{\"@type\":\"WebPage\",\"@id\":\"https:\\\/\\\/oewf.org\\\/en\\\/2024\\\/02\\\/amadee-24-dress-rehearsal-vienna\\\/\",\"url\":\"https:\\\/\\\/oewf.org\\\/en\\\/2024\\\/02\\\/amadee-24-dress-rehearsal-vienna\\\/\",\"name\":\"AMADEE-24: Three days dress rehearsal in Vienna - Austrian Space Forum (OeWF)\",\"isPartOf\":{\"@id\":\"https:\\\/\\\/oewf.org\\\/#website\"},\"primaryImageOfPage\":{\"@id\":\"https:\\\/\\\/oewf.org\\\/en\\\/2024\\\/02\\\/amadee-24-dress-rehearsal-vienna\\\/#primaryimage\"},\"image\":{\"@id\":\"https:\\\/\\\/oewf.org\\\/en\\\/2024\\\/02\\\/amadee-24-dress-rehearsal-vienna\\\/#primaryimage\"},\"thumbnailUrl\":\"https:\\\/\\\/oewf.org\\\/wp-content\\\/uploads\\\/2024\\\/01\\\/klein_OeWF_20240128-1233_A24_vog.photo_OG_1463.jpg\",\"datePublished\":\"2024-02-02T06:54:00+00:00\",\"dateModified\":\"2024-03-10T19:25:22+00:00\",\"author\":{\"@id\":\"https:\\\/\\\/oewf.org\\\/#\\\/schema\\\/person\\\/d33b1cc5e9a431b7ad8c32cefeaa4aa7\"},\"breadcrumb\":{\"@id\":\"https:\\\/\\\/oewf.org\\\/en\\\/2024\\\/02\\\/amadee-24-dress-rehearsal-vienna\\\/#breadcrumb\"},\"inLanguage\":\"en-US\",\"potentialAction\":[{\"@type\":\"ReadAction\",\"target\":[\"https:\\\/\\\/oewf.org\\\/en\\\/2024\\\/02\\\/amadee-24-dress-rehearsal-vienna\\\/\"]}]},{\"@type\":\"ImageObject\",\"inLanguage\":\"en-US\",\"@id\":\"https:\\\/\\\/oewf.org\\\/en\\\/2024\\\/02\\\/amadee-24-dress-rehearsal-vienna\\\/#primaryimage\",\"url\":\"https:\\\/\\\/oewf.org\\\/wp-content\\\/uploads\\\/2024\\\/01\\\/klein_OeWF_20240128-1233_A24_vog.photo_OG_1463.jpg\",\"contentUrl\":\"https:\\\/\\\/oewf.org\\\/wp-content\\\/uploads\\\/2024\\\/01\\\/klein_OeWF_20240128-1233_A24_vog.photo_OG_1463.jpg\",\"width\":900,\"height\":600},{\"@type\":\"BreadcrumbList\",\"@id\":\"https:\\\/\\\/oewf.org\\\/en\\\/2024\\\/02\\\/amadee-24-dress-rehearsal-vienna\\\/#breadcrumb\",\"itemListElement\":[{\"@type\":\"ListItem\",\"position\":1,\"name\":\"Startseite\",\"item\":\"https:\\\/\\\/oewf.org\\\/en\\\/\"},{\"@type\":\"ListItem\",\"position\":2,\"name\":\"AMADEE-24: Three days dress rehearsal in Vienna\"}]},{\"@type\":\"WebSite\",\"@id\":\"https:\\\/\\\/oewf.org\\\/#website\",\"url\":\"https:\\\/\\\/oewf.org\\\/\",\"name\":\"Austrian Space Forum (OeWF)\",\"description\":\"\u00d6sterreichisches Weltraum Forum Austrian Space Forum\",\"potentialAction\":[{\"@type\":\"SearchAction\",\"target\":{\"@type\":\"EntryPoint\",\"urlTemplate\":\"https:\\\/\\\/oewf.org\\\/?s={search_term_string}\"},\"query-input\":{\"@type\":\"PropertyValueSpecification\",\"valueRequired\":true,\"valueName\":\"search_term_string\"}}],\"inLanguage\":\"en-US\"},{\"@type\":\"Person\",\"@id\":\"https:\\\/\\\/oewf.org\\\/#\\\/schema\\\/person\\\/d33b1cc5e9a431b7ad8c32cefeaa4aa7\",\"name\":\"OeWF\",\"sameAs\":[\"https:\\\/\\\/www.oewf.org\",\"https:\\\/\\\/x.com\\\/oewf\"],\"url\":\"https:\\\/\\\/oewf.org\\\/en\\\/author\\\/oewf\\\/\"}]}<\/script>\n<!-- \/ Yoast SEO plugin. -->","yoast_head_json":{"title":"AMADEE-24: Three days dress rehearsal in Vienna - Austrian Space Forum (OeWF)","robots":{"index":"index","follow":"follow","max-snippet":"max-snippet:-1","max-image-preview":"max-image-preview:large","max-video-preview":"max-video-preview:-1"},"canonical":"https:\/\/oewf.org\/en\/2024\/02\/amadee-24-dress-rehearsal-vienna\/","og_locale":"en_US","og_type":"article","og_title":"AMADEE-24: Three days dress rehearsal in Vienna - Austrian Space Forum (OeWF)","og_description":"What a dress rehearsal! It was three intensive days from January 26 to 28, 2024 with a well-attended press conference, 150 AMADEE-24 team members from over 26 countries and 350 visitors during the public day at our logistics partner Gebr\u00fcder [&hellip;]","og_url":"https:\/\/oewf.org\/en\/2024\/02\/amadee-24-dress-rehearsal-vienna\/","og_site_name":"Austrian Space Forum (OeWF)","article_published_time":"2024-02-02T06:54:00+00:00","article_modified_time":"2024-03-10T19:25:22+00:00","og_image":[{"width":900,"height":600,"url":"https:\/\/oewf.org\/wp-content\/uploads\/2024\/01\/klein_OeWF_20240128-1233_A24_vog.photo_OG_1463.jpg","type":"image\/jpeg"}],"author":"OeWF","twitter_card":"summary_large_image","twitter_creator":"@oewf","twitter_misc":{"Written by":"OeWF","Est. reading time":"9 minutes"},"schema":{"@context":"https:\/\/schema.org","@graph":[{"@type":"Article","@id":"https:\/\/oewf.org\/en\/2024\/02\/amadee-24-dress-rehearsal-vienna\/#article","isPartOf":{"@id":"https:\/\/oewf.org\/en\/2024\/02\/amadee-24-dress-rehearsal-vienna\/"},"author":{"name":"OeWF","@id":"https:\/\/oewf.org\/#\/schema\/person\/d33b1cc5e9a431b7ad8c32cefeaa4aa7"},"headline":"AMADEE-24: Three days dress rehearsal in Vienna","datePublished":"2024-02-02T06:54:00+00:00","dateModified":"2024-03-10T19:25:22+00:00","mainEntityOfPage":{"@id":"https:\/\/oewf.org\/en\/2024\/02\/amadee-24-dress-rehearsal-vienna\/"},"wordCount":1046,"image":{"@id":"https:\/\/oewf.org\/en\/2024\/02\/amadee-24-dress-rehearsal-vienna\/#primaryimage"},"thumbnailUrl":"https:\/\/oewf.org\/wp-content\/uploads\/2024\/01\/klein_OeWF_20240128-1233_A24_vog.photo_OG_1463.jpg","keywords":["AMADEE-24","dress rehearsal","Experiment Teams","Fortis","Gebr\u00fcder Weiss","Mission Support Center","vienna"],"articleSection":["AMADEE-24","OeWF News"],"inLanguage":"en-US"},{"@type":"WebPage","@id":"https:\/\/oewf.org\/en\/2024\/02\/amadee-24-dress-rehearsal-vienna\/","url":"https:\/\/oewf.org\/en\/2024\/02\/amadee-24-dress-rehearsal-vienna\/","name":"AMADEE-24: Three days dress rehearsal in Vienna - Austrian Space Forum (OeWF)","isPartOf":{"@id":"https:\/\/oewf.org\/#website"},"primaryImageOfPage":{"@id":"https:\/\/oewf.org\/en\/2024\/02\/amadee-24-dress-rehearsal-vienna\/#primaryimage"},"image":{"@id":"https:\/\/oewf.org\/en\/2024\/02\/amadee-24-dress-rehearsal-vienna\/#primaryimage"},"thumbnailUrl":"https:\/\/oewf.org\/wp-content\/uploads\/2024\/01\/klein_OeWF_20240128-1233_A24_vog.photo_OG_1463.jpg","datePublished":"2024-02-02T06:54:00+00:00","dateModified":"2024-03-10T19:25:22+00:00","author":{"@id":"https:\/\/oewf.org\/#\/schema\/person\/d33b1cc5e9a431b7ad8c32cefeaa4aa7"},"breadcrumb":{"@id":"https:\/\/oewf.org\/en\/2024\/02\/amadee-24-dress-rehearsal-vienna\/#breadcrumb"},"inLanguage":"en-US","potentialAction":[{"@type":"ReadAction","target":["https:\/\/oewf.org\/en\/2024\/02\/amadee-24-dress-rehearsal-vienna\/"]}]},{"@type":"ImageObject","inLanguage":"en-US","@id":"https:\/\/oewf.org\/en\/2024\/02\/amadee-24-dress-rehearsal-vienna\/#primaryimage","url":"https:\/\/oewf.org\/wp-content\/uploads\/2024\/01\/klein_OeWF_20240128-1233_A24_vog.photo_OG_1463.jpg","contentUrl":"https:\/\/oewf.org\/wp-content\/uploads\/2024\/01\/klein_OeWF_20240128-1233_A24_vog.photo_OG_1463.jpg","width":900,"height":600},{"@type":"BreadcrumbList","@id":"https:\/\/oewf.org\/en\/2024\/02\/amadee-24-dress-rehearsal-vienna\/#breadcrumb","itemListElement":[{"@type":"ListItem","position":1,"name":"Startseite","item":"https:\/\/oewf.org\/en\/"},{"@type":"ListItem","position":2,"name":"AMADEE-24: Three days dress rehearsal in Vienna"}]},{"@type":"WebSite","@id":"https:\/\/oewf.org\/#website","url":"https:\/\/oewf.org\/","name":"Austrian Space Forum (OeWF)","description":"\u00d6sterreichisches Weltraum Forum Austrian Space Forum","potentialAction":[{"@type":"SearchAction","target":{"@type":"EntryPoint","urlTemplate":"https:\/\/oewf.org\/?s={search_term_string}"},"query-input":{"@type":"PropertyValueSpecification","valueRequired":true,"valueName":"search_term_string"}}],"inLanguage":"en-US"},{"@type":"Person","@id":"https:\/\/oewf.org\/#\/schema\/person\/d33b1cc5e9a431b7ad8c32cefeaa4aa7","name":"OeWF","sameAs":["https:\/\/www.oewf.org","https:\/\/x.com\/oewf"],"url":"https:\/\/oewf.org\/en\/author\/oewf\/"}]}},"_links":{"self":[{"href":"https:\/\/oewf.org\/en\/wp-json\/wp\/v2\/posts\/23260","targetHints":{"allow":["GET"]}}],"collection":[{"href":"https:\/\/oewf.org\/en\/wp-json\/wp\/v2\/posts"}],"about":[{"href":"https:\/\/oewf.org\/en\/wp-json\/wp\/v2\/types\/post"}],"author":[{"embeddable":true,"href":"https:\/\/oewf.org\/en\/wp-json\/wp\/v2\/users\/2"}],"replies":[{"embeddable":true,"href":"https:\/\/oewf.org\/en\/wp-json\/wp\/v2\/comments?post=23260"}],"version-history":[{"count":0,"href":"https:\/\/oewf.org\/en\/wp-json\/wp\/v2\/posts\/23260\/revisions"}],"wp:featuredmedia":[{"embeddable":true,"href":"https:\/\/oewf.org\/en\/wp-json\/wp\/v2\/media\/23237"}],"wp:attachment":[{"href":"https:\/\/oewf.org\/en\/wp-json\/wp\/v2\/media?parent=23260"}],"wp:term":[{"taxonomy":"category","embeddable":true,"href":"https:\/\/oewf.org\/en\/wp-json\/wp\/v2\/categories?post=23260"},{"taxonomy":"post_tag","embeddable":true,"href":"https:\/\/oewf.org\/en\/wp-json\/wp\/v2\/tags?post=23260"}],"curies":[{"name":"wp","href":"https:\/\/api.w.org\/{rel}","templated":true}]}}